{"id":81795,"date":"2026-09-03T03:06:43","date_gmt":"2026-09-03T07:06:43","guid":{"rendered":"https:\/\/montsutton.com\/?p=81795"},"modified":"2026-09-04T16:25:23","modified_gmt":"2026-09-04T20:25:23","slug":"the-mont-sutton-fall-festival-unveils-its-2026-lineup","status":"publish","type":"post","link":"https:\/\/montsutton.com\/en\/the-mont-sutton-fall-festival-unveils-its-2026-lineup\/","title":{"rendered":"The Mont SUTTON Fall Festival Unveils Its 2026 Lineup"},"content":{"rendered":"<p><strong>SUTTON, September 3,\u00a0 2026<\/strong> \u2013 Mont SUTTON is pleased to announce the return of its much-anticipated<strong>\u00a0Fall Festival<\/strong>, taking place once again surrounded by the mountain\u2019s spectacular fall colours\u00a0over\u00a0<strong>five weekends<\/strong>,<strong>\u00a0from September 19 to October 18, including Thanksgiving Monday, October 12.<\/strong><\/p>\n<p>&nbsp;<\/p>\n<p>&nbsp;<\/p>\n<p>Blending adrenaline, culture and the great outdoors, the 2026 lineup and new additions are more dynamic and on-trend than ever.\u00a0Tailored to mountain bikers, trail runners and anyone who thrives on the challenge of tackling the mountain \u2014including, of course, skiers already eager to get back on the mountain and experience its brand-new chairlift for another ski season and to take advantage of the presale for a pass at a reduced price!<\/p>\n<p>&nbsp;<\/p>\n<p>&nbsp;<\/p>\n<p><strong>A Mountain That Never Sleeps<\/strong><\/p>\n<p>&nbsp;<\/p>\n<p>Summer&#8217;s signature activities are back on the lineup: mountain biking, the Giant zipline, the Coaster zipline, chairlift rides and disc golf will continue to bring the mountain to life, along with camping at the summit and RV overnight stays for those looking to extend the experience all the way to sunrise.<\/p>\n<p>A highlight of summer 2026, the<strong>\u00a0Adventure Path<\/strong>\u2014launched this year\u2014will officially enter its first fall season, offering everyone a new way to explore and experience the mountain.<\/p>\n<p>&nbsp;<\/p>\n<p><img loading=\"lazy\" decoding=\"async\" src=\"https:\/\/montsutton.com\/wp-content\/uploads\/2026\/09\/sentier_ludique-collage.png\" width=\"630\" height=\"315\" name=\"Cont_0\" border=\"0\" data-cke-saved-name=\"Cont_0\" data-cke-saved-src=\"https:\/\/montsutton.com\/wp-content\/uploads\/2026\/09\/sentier_ludique-collage.png\" \/><strong><br \/>\n<\/strong><\/p>\n<p>&nbsp;<\/p>\n<p>&nbsp;<\/p>\n<p><strong>An Opening That Sets the Tone<\/strong><\/p>\n<p>&nbsp;<\/p>\n<p>The festival will kick off with a unique opening Saturday Music event born from an unprecedented collaboration between a DJ and a screen-printing professional. Festivalgoers are invited to bring their own T-shirt and have it screen-printed on site, live, in festival colours, a personalized souvenir to take home.<\/p>\n<p>The festival\u2019s music and arts lineup will also shine a spotlight on emerging talent, alongside familiar faces. Marily Dorion and \u00c9douard Lagac\u00e9, both former Star Acad\u00e9mie contestants, will be joining the lineup.<\/p>\n<p>&nbsp;<\/p>\n<p>&nbsp;<\/p>\n<p><strong><br \/>\nRun Your Way Into Ski Season<\/strong><\/p>\n<p>&nbsp;<\/p>\n<p>True to its four-season identity as a destination for active outdoor enthusiasts, Mont SUTTON is breaking new ground this year with a pre-ski running clinic led by a kinesiologist, taking place on October 3 and 18. It\u2019s the perfect opportunity for skiers to get their bodies ready before the first runs of the season.<\/p>\n<p>Trail runners will have plenty to look forward to as well: the Trail Series will make a stop at Mont SUTTON for experienced runners, while the local Trail Club will offer an introduction to trail running for those curious to give it a try.<\/p>\n<p>&nbsp;<\/p>\n<p>&nbsp;<\/p>\n<p>&nbsp;<\/p>\n<p><strong>Wine, Yoga and Giving Back<\/strong><\/p>\n<p>&nbsp;<\/p>\n<p>The Wine Route will return to the mountain, with new winery partners to discover. Yoga enthusiasts can take a deep breath every Saturday at an elevation of 680 metres, near the tree frog sculpture, just above the top of Chairlift II.<\/p>\n<p>The festival\u2019s final Saturday will take on a special meaning: the summit yoga session will support a breast cancer foundation fundraiser, and everyone is invited to wear pink in support of the cause.<\/p>\n<p>&nbsp;<\/p>\n<p>&nbsp;<\/p>\n<p>&nbsp;<\/p>\n<p><strong>Fan Favourites Are Back<\/strong><\/p>\n<p>&nbsp;<\/p>\n<p>Activities that made their mark during the 2025 edition are returning in full force, including a conference and photography workshop with renowned photographer Bernard Brault, art tables for children led by artist Lysanne Sabourin, and a wide range of guided hikes.<\/p>\n<p>These include hikes organized in collaboration with the Parc d&#8217;environnement naturel de Sutton, as well as guided discoveries of the mountain\u2019s sculptures led by Mont SUTTON ambassador guides.<strong><br \/>\n<\/strong><\/p>\n<p>&nbsp;<\/p>\n<p>&nbsp;<\/p>\n<p>&nbsp;<\/p>\n<p><strong>Something for Every Pace<\/strong><\/p>\n<p>&nbsp;<\/p>\n<p>From adrenaline and culture to food and wellness, the Mont SUTTON Fall Festival 2026 stays true to its signature: a generous lineup with something to energize families and athletes alike, and to inspire everyone to get outside and enjoy the mountain this fall.<\/p>\n<p>The complete lineup is available at\u00a0<a href=\"\/?p=9867\" target=\"_blank\" rel=\"noopener\" name=\"Hyperlink_20260903_160852625\" data-cke-saved-href=\"https:\/\/montsutton.com\/en\/activity\/fall-fest\/\" data-cke-saved-name=\"Hyperlink_20260903_160852625\">montsutton.com\/fall.<\/a><\/p>\n<p>&nbsp;<\/p>\n<p>&nbsp;<\/p>\n<p>&nbsp;<\/p>\n<p>Source:<\/p>\n<p><strong>Nadya Baron<\/strong><br \/>\nMarketing Director,\u00a0Mont SUTTON<br \/>\nPhone: 450 538-2545, ext.109<br \/>\nCellphone: 450 521-0613<br \/>\nEmail:\u00a0<a href=\"mailto:nbaron@montsutton.com\" target=\"_blank\" rel=\"noopener\" name=\"Hyperlink_20230817_151748139\" data-cke-saved-href=\"mailto:nbaron@montsutton.com\" data-cke-saved-name=\"Hyperlink_20230817_151748139\">nbaron@montsutton.com<\/a><\/p>\n","protected":false},"excerpt":{"rendered":"<p>SUTTON, September 3,\u00a0 2026 \u2013 Mont SUTTON is pleased to announce the return of its much-anticipated\u00a0Fall Festival, taking place once again surrounded by the mountain\u2019s spectacular fall colours\u00a0over\u00a0five weekends,\u00a0from September 19 to October 18, including Thanksgiving Monday, October 12. &nbsp; [&hellip;]<\/p>\n","protected":false},"author":10,"featured_media":56409,"comment_status":"open","ping_status":"open","sticky":false,"template":"","format":"standard","meta":{"_acf_changed":false,"footnotes":""},"categories":[82],"tags":[],"class_list":["post-81795","post","type-post","status-publish","format-standard","has-post-thumbnail","hentry","category-press-release"],"acf":{"single-post_img":"https:\/\/montsutton.com\/wp-content\/uploads\/2020\/09\/MontSutton-Automne-085-scaled.jpg","single-post_txt_btn":"Read more"},"yoast_head":"<!-- This site is optimized with the Yoast SEO plugin v26.3 - https:\/\/yoast.com\/wordpress\/plugins\/seo\/ -->\n<title>Mont SUTTON<\/title>\n<meta name=\"robots\" content=\"index, follow, max-snippet:-1, max-image-preview:large, max-video-preview:-1\" \/>\n<link rel=\"canonical\" href=\"https:\/\/montsutton.com\/en\/the-mont-sutton-fall-festival-unveils-its-2026-lineup\/\" \/>\n<meta property=\"og:locale\" content=\"en_US\" \/>\n<meta property=\"og:type\" content=\"article\" \/>\n<meta property=\"og:title\" content=\"Mont SUTTON\" \/>\n<meta property=\"og:description\" content=\"SUTTON, September 3,\u00a0 2026 \u2013 Mont SUTTON is pleased to announce the return of its much-anticipated\u00a0Fall Festival, taking place once again surrounded by the mountain\u2019s spectacular fall colours\u00a0over\u00a0five weekends,\u00a0from September 19 to October 18, including Thanksgiving Monday, October 12. &nbsp; [&hellip;]\" \/>\n<meta property=\"og:url\" content=\"http:\/\/montsutton.com\/en\/the-mont-sutton-fall-festival-unveils-its-2026-lineup\/\" \/>\n<meta property=\"og:site_name\" content=\"Mont SUTTON\" \/>\n<meta property=\"article:publisher\" content=\"https:\/\/www.facebook.com\/montsutton\" \/>\n<meta property=\"article:published_time\" content=\"2026-09-03T07:06:43+00:00\" \/>\n<meta property=\"article:modified_time\" content=\"2026-09-04T20:25:23+00:00\" \/>\n<meta property=\"og:image\" content=\"https:\/\/montsutton.com\/wp-content\/uploads\/2023\/04\/balade_automne_activite.jpg\" \/>\n\t<meta property=\"og:image:width\" content=\"620\" \/>\n\t<meta property=\"og:image:height\" content=\"620\" \/>\n\t<meta property=\"og:image:type\" content=\"image\/jpeg\" \/>\n<meta name=\"author\" content=\"Mont SUTTON\" \/>\n<script type=\"application\/ld+json\" class=\"yoast-schema-graph\">{\"@context\":\"https:\/\/schema.org\",\"@graph\":[{\"@type\":\"WebPage\",\"@id\":\"https:\/\/montsutton.com\/en\/the-mont-sutton-fall-festival-unveils-its-2026-lineup\/\",\"url\":\"https:\/\/montsutton.com\/en\/the-mont-sutton-fall-festival-unveils-its-2026-lineup\/\",\"name\":\"Mont SUTTON\",\"isPartOf\":{\"@id\":\"https:\/\/montsutton.com\/#website\"},\"primaryImageOfPage\":{\"@id\":\"https:\/\/montsutton.com\/en\/the-mont-sutton-fall-festival-unveils-its-2026-lineup\/#primaryimage\"},\"image\":{\"@id\":\"https:\/\/montsutton.com\/en\/the-mont-sutton-fall-festival-unveils-its-2026-lineup\/#primaryimage\"},\"thumbnailUrl\":\"https:\/\/montsutton.com\/wp-content\/uploads\/2023\/04\/balade_automne_activite.jpg\",\"datePublished\":\"2026-09-03T07:06:43+00:00\",\"dateModified\":\"2026-09-04T20:25:23+00:00\",\"author\":{\"@id\":\"https:\/\/montsutton.com\/#\/schema\/person\/abb3d5083962924c01db5d826b35baf1\"},\"breadcrumb\":{\"@id\":\"https:\/\/montsutton.com\/en\/the-mont-sutton-fall-festival-unveils-its-2026-lineup\/#breadcrumb\"},\"inLanguage\":\"en-US\",\"potentialAction\":[{\"@type\":\"ReadAction\",\"target\":[\"https:\/\/montsutton.com\/en\/the-mont-sutton-fall-festival-unveils-its-2026-lineup\/\"]}]},{\"@type\":\"ImageObject\",\"inLanguage\":\"en-US\",\"@id\":\"https:\/\/montsutton.com\/en\/the-mont-sutton-fall-festival-unveils-its-2026-lineup\/#primaryimage\",\"url\":\"https:\/\/montsutton.com\/wp-content\/uploads\/2023\/04\/balade_automne_activite.jpg\",\"contentUrl\":\"https:\/\/montsutton.com\/wp-content\/uploads\/2023\/04\/balade_automne_activite.jpg\",\"width\":620,\"height\":620},{\"@type\":\"BreadcrumbList\",\"@id\":\"https:\/\/montsutton.com\/en\/the-mont-sutton-fall-festival-unveils-its-2026-lineup\/#breadcrumb\",\"itemListElement\":[{\"@type\":\"ListItem\",\"position\":1,\"name\":\"Home\",\"item\":\"https:\/\/montsutton.com\/en\/\"},{\"@type\":\"ListItem\",\"position\":2,\"name\":\"The Mont SUTTON Fall Festival Unveils Its 2026 Lineup\"}]},{\"@type\":\"WebSite\",\"@id\":\"https:\/\/montsutton.com\/#website\",\"url\":\"https:\/\/montsutton.com\/\",\"name\":\"Mont SUTTON\",\"description\":\"Station de Ski au Qu\u00e9bec dans les Cantons-de-l&#039;Est -\",\"potentialAction\":[{\"@type\":\"SearchAction\",\"target\":{\"@type\":\"EntryPoint\",\"urlTemplate\":\"https:\/\/montsutton.com\/?s={search_term_string}\"},\"query-input\":{\"@type\":\"PropertyValueSpecification\",\"valueRequired\":true,\"valueName\":\"search_term_string\"}}],\"inLanguage\":\"en-US\"},{\"@type\":\"Person\",\"@id\":\"https:\/\/montsutton.com\/#\/schema\/person\/abb3d5083962924c01db5d826b35baf1\",\"name\":\"Mont SUTTON\",\"image\":{\"@type\":\"ImageObject\",\"inLanguage\":\"en-US\",\"@id\":\"https:\/\/montsutton.com\/#\/schema\/person\/image\/\",\"url\":\"https:\/\/montsutton.com\/wp-content\/uploads\/2016\/05\/favicon-150x150.png\",\"contentUrl\":\"https:\/\/montsutton.com\/wp-content\/uploads\/2016\/05\/favicon-150x150.png\",\"caption\":\"Mont SUTTON\"},\"url\":\"https:\/\/montsutton.com\/en\/author\/montsutton\/\"}]}<\/script>\n<!-- \/ Yoast SEO plugin. -->","yoast_head_json":{"title":"Mont SUTTON","robots":{"index":"index","follow":"follow","max-snippet":"max-snippet:-1","max-image-preview":"max-image-preview:large","max-video-preview":"max-video-preview:-1"},"canonical":"https:\/\/montsutton.com\/en\/the-mont-sutton-fall-festival-unveils-its-2026-lineup\/","og_locale":"en_US","og_type":"article","og_title":"Mont SUTTON","og_description":"SUTTON, September 3,\u00a0 2026 \u2013 Mont SUTTON is pleased to announce the return of its much-anticipated\u00a0Fall Festival, taking place once again surrounded by the mountain\u2019s spectacular fall colours\u00a0over\u00a0five weekends,\u00a0from September 19 to October 18, including Thanksgiving Monday, October 12. &nbsp; [&hellip;]","og_url":"http:\/\/montsutton.com\/en\/the-mont-sutton-fall-festival-unveils-its-2026-lineup\/","og_site_name":"Mont SUTTON","article_publisher":"https:\/\/www.facebook.com\/montsutton","article_published_time":"2026-09-03T07:06:43+00:00","article_modified_time":"2026-09-04T20:25:23+00:00","og_image":[{"width":620,"height":620,"url":"https:\/\/montsutton.com\/wp-content\/uploads\/2023\/04\/balade_automne_activite.jpg","type":"image\/jpeg"}],"author":"Mont SUTTON","schema":{"@context":"https:\/\/schema.org","@graph":[{"@type":"WebPage","@id":"https:\/\/montsutton.com\/en\/the-mont-sutton-fall-festival-unveils-its-2026-lineup\/","url":"https:\/\/montsutton.com\/en\/the-mont-sutton-fall-festival-unveils-its-2026-lineup\/","name":"Mont SUTTON","isPartOf":{"@id":"https:\/\/montsutton.com\/#website"},"primaryImageOfPage":{"@id":"https:\/\/montsutton.com\/en\/the-mont-sutton-fall-festival-unveils-its-2026-lineup\/#primaryimage"},"image":{"@id":"https:\/\/montsutton.com\/en\/the-mont-sutton-fall-festival-unveils-its-2026-lineup\/#primaryimage"},"thumbnailUrl":"https:\/\/montsutton.com\/wp-content\/uploads\/2023\/04\/balade_automne_activite.jpg","datePublished":"2026-09-03T07:06:43+00:00","dateModified":"2026-09-04T20:25:23+00:00","author":{"@id":"https:\/\/montsutton.com\/#\/schema\/person\/abb3d5083962924c01db5d826b35baf1"},"breadcrumb":{"@id":"https:\/\/montsutton.com\/en\/the-mont-sutton-fall-festival-unveils-its-2026-lineup\/#breadcrumb"},"inLanguage":"en-US","potentialAction":[{"@type":"ReadAction","target":["https:\/\/montsutton.com\/en\/the-mont-sutton-fall-festival-unveils-its-2026-lineup\/"]}]},{"@type":"ImageObject","inLanguage":"en-US","@id":"https:\/\/montsutton.com\/en\/the-mont-sutton-fall-festival-unveils-its-2026-lineup\/#primaryimage","url":"https:\/\/montsutton.com\/wp-content\/uploads\/2023\/04\/balade_automne_activite.jpg","contentUrl":"https:\/\/montsutton.com\/wp-content\/uploads\/2023\/04\/balade_automne_activite.jpg","width":620,"height":620},{"@type":"BreadcrumbList","@id":"https:\/\/montsutton.com\/en\/the-mont-sutton-fall-festival-unveils-its-2026-lineup\/#breadcrumb","itemListElement":[{"@type":"ListItem","position":1,"name":"Home","item":"https:\/\/montsutton.com\/en\/"},{"@type":"ListItem","position":2,"name":"The Mont SUTTON Fall Festival Unveils Its 2026 Lineup"}]},{"@type":"WebSite","@id":"https:\/\/montsutton.com\/#website","url":"https:\/\/montsutton.com\/","name":"Mont SUTTON","description":"Station de Ski au Qu\u00e9bec dans les Cantons-de-l&#039;Est -","potentialAction":[{"@type":"SearchAction","target":{"@type":"EntryPoint","urlTemplate":"https:\/\/montsutton.com\/?s={search_term_string}"},"query-input":{"@type":"PropertyValueSpecification","valueRequired":true,"valueName":"search_term_string"}}],"inLanguage":"en-US"},{"@type":"Person","@id":"https:\/\/montsutton.com\/#\/schema\/person\/abb3d5083962924c01db5d826b35baf1","name":"Mont SUTTON","image":{"@type":"ImageObject","inLanguage":"en-US","@id":"https:\/\/montsutton.com\/#\/schema\/person\/image\/","url":"https:\/\/montsutton.com\/wp-content\/uploads\/2016\/05\/favicon-150x150.png","contentUrl":"https:\/\/montsutton.com\/wp-content\/uploads\/2016\/05\/favicon-150x150.png","caption":"Mont SUTTON"},"url":"https:\/\/montsutton.com\/en\/author\/montsutton\/"}]}},"jetpack_featured_media_url":"https:\/\/montsutton.com\/wp-content\/uploads\/2023\/04\/balade_automne_activite.jpg","publishpress_future_action":{"enabled":false,"date":"2026-09-11 21:11:36","action":"change-status","newStatus":"draft","terms":[],"taxonomy":"category","extraData":[]},"publishpress_future_workflow_manual_trigger":{"enabledWorkflows":[]},"_links":{"self":[{"href":"https:\/\/montsutton.com\/en\/wp-json\/wp\/v2\/posts\/81795","targetHints":{"allow":["GET"]}}],"collection":[{"href":"https:\/\/montsutton.com\/en\/wp-json\/wp\/v2\/posts"}],"about":[{"href":"https:\/\/montsutton.com\/en\/wp-json\/wp\/v2\/types\/post"}],"author":[{"embeddable":true,"href":"https:\/\/montsutton.com\/en\/wp-json\/wp\/v2\/users\/10"}],"replies":[{"embeddable":true,"href":"https:\/\/montsutton.com\/en\/wp-json\/wp\/v2\/comments?post=81795"}],"version-history":[{"count":2,"href":"https:\/\/montsutton.com\/en\/wp-json\/wp\/v2\/posts\/81795\/revisions"}],"predecessor-version":[{"id":81843,"href":"https:\/\/montsutton.com\/en\/wp-json\/wp\/v2\/posts\/81795\/revisions\/81843"}],"wp:featuredmedia":[{"embeddable":true,"href":"https:\/\/montsutton.com\/en\/wp-json\/wp\/v2\/media\/56409"}],"wp:attachment":[{"href":"https:\/\/montsutton.com\/en\/wp-json\/wp\/v2\/media?parent=81795"}],"wp:term":[{"taxonomy":"category","embeddable":true,"href":"https:\/\/montsutton.com\/en\/wp-json\/wp\/v2\/categories?post=81795"},{"taxonomy":"post_tag","embeddable":true,"href":"https:\/\/montsutton.com\/en\/wp-json\/wp\/v2\/tags?post=81795"}],"curies":[{"name":"wp","href":"https:\/\/api.w.org\/{rel}","templated":true}]}}